{"id":15573,"date":"2019-11-22T15:16:58","date_gmt":"2019-11-22T14:16:58","guid":{"rendered":"http:\/\/www.farmasol.gob.ec\/?p=15573"},"modified":"2020-04-12T23:22:20","modified_gmt":"2020-04-12T21:22:20","slug":"tren_llego","status":"publish","type":"post","link":"http:\/\/www.farmasol.gob.ec\/en\/2019\/11\/22\/tren_llego\/","title":{"rendered":"\u00a1El Tren de los Sue\u00f1os lleg\u00f3!"},"content":{"rendered":"<div      class=\"vc_row wpb_row section vc_row-fluid\" style=' text-align:left;'><div class=\"full_section_inner clearfix\"><div class=\"wpb_column vc_column_container vc_col-sm-12\"><div class=\"vc_column-inner\"><div class=\"wpb_wrapper\">\n\t<div class=\"wpb_text_column wpb_content_element\">\n\t\t<div class=\"wpb_wrapper\">\n\t\t\t\n\t\t<style type=\"text\/css\">\n\t\t\t#gallery-1 {\n\t\t\t\tmargin: auto;\n\t\t\t}\n\t\t\t#gallery-1 .gallery-item {\n\t\t\t\tfloat: left;\n\t\t\t\tmargin-top: 10px;\n\t\t\t\ttext-align: center;\n\t\t\t\twidth: 33%;\n\t\t\t}\n\t\t\t#gallery-1 img {\n\t\t\t\tborder: 2px solid #cfcfcf;\n\t\t\t}\n\t\t\t#gallery-1 .gallery-caption {\n\t\t\t\tmargin-left: 0;\n\t\t\t}\n\t\t\t\/* see gallery_shortcode() in wp-includes\/media.php *\/\n\t\t<\/style>\n\t\t<div id='gallery-1' class='gallery galleryid-15573 gallery-columns-3 gallery-size-thumbnail'><dl class='gallery-item'>\n\t\t\t<dt class='gallery-icon landscape'>\n\t\t\t\t<img loading=\"lazy\" decoding=\"async\" width=\"150\" height=\"150\" src=\"http:\/\/www.farmasol.gob.ec\/wp-content\/uploads\/2019\/11\/22-11-2019-A-150x150.jpg\" class=\"attachment-thumbnail size-thumbnail\" alt=\"\" srcset=\"http:\/\/www.farmasol.gob.ec\/wp-content\/uploads\/2019\/11\/22-11-2019-A-150x150.jpg 150w, http:\/\/www.farmasol.gob.ec\/wp-content\/uploads\/2019\/11\/22-11-2019-A-570x570.jpg 570w, http:\/\/www.farmasol.gob.ec\/wp-content\/uploads\/2019\/11\/22-11-2019-A-500x500.jpg 500w\" sizes=\"auto, (max-width: 150px) 100vw, 150px\" \/>\n\t\t\t<\/dt><\/dl><dl class='gallery-item'>\n\t\t\t<dt class='gallery-icon landscape'>\n\t\t\t\t<img loading=\"lazy\" decoding=\"async\" width=\"150\" height=\"150\" src=\"http:\/\/www.farmasol.gob.ec\/wp-content\/uploads\/2019\/11\/22-11-2019-B-150x150.jpg\" class=\"attachment-thumbnail size-thumbnail\" alt=\"\" srcset=\"http:\/\/www.farmasol.gob.ec\/wp-content\/uploads\/2019\/11\/22-11-2019-B-150x150.jpg 150w, http:\/\/www.farmasol.gob.ec\/wp-content\/uploads\/2019\/11\/22-11-2019-B-570x570.jpg 570w, http:\/\/www.farmasol.gob.ec\/wp-content\/uploads\/2019\/11\/22-11-2019-B-500x500.jpg 500w\" sizes=\"auto, (max-width: 150px) 100vw, 150px\" \/>\n\t\t\t<\/dt><\/dl><dl class='gallery-item'>\n\t\t\t<dt class='gallery-icon landscape'>\n\t\t\t\t<img loading=\"lazy\" decoding=\"async\" width=\"150\" height=\"150\" src=\"http:\/\/www.farmasol.gob.ec\/wp-content\/uploads\/2019\/11\/22-11-2019-C-150x150.jpg\" class=\"attachment-thumbnail size-thumbnail\" alt=\"\" srcset=\"http:\/\/www.farmasol.gob.ec\/wp-content\/uploads\/2019\/11\/22-11-2019-C-150x150.jpg 150w, http:\/\/www.farmasol.gob.ec\/wp-content\/uploads\/2019\/11\/22-11-2019-C-570x570.jpg 570w, http:\/\/www.farmasol.gob.ec\/wp-content\/uploads\/2019\/11\/22-11-2019-C-500x500.jpg 500w\" sizes=\"auto, (max-width: 150px) 100vw, 150px\" \/>\n\t\t\t<\/dt><\/dl><br style=\"clear: both\" \/><dl class='gallery-item'>\n\t\t\t<dt class='gallery-icon landscape'>\n\t\t\t\t<img loading=\"lazy\" decoding=\"async\" width=\"150\" height=\"150\" src=\"http:\/\/www.farmasol.gob.ec\/wp-content\/uploads\/2019\/11\/22-11-2019-D-150x150.jpg\" class=\"attachment-thumbnail size-thumbnail\" alt=\"\" srcset=\"http:\/\/www.farmasol.gob.ec\/wp-content\/uploads\/2019\/11\/22-11-2019-D-150x150.jpg 150w, http:\/\/www.farmasol.gob.ec\/wp-content\/uploads\/2019\/11\/22-11-2019-D-570x570.jpg 570w, http:\/\/www.farmasol.gob.ec\/wp-content\/uploads\/2019\/11\/22-11-2019-D-500x500.jpg 500w\" sizes=\"auto, (max-width: 150px) 100vw, 150px\" \/>\n\t\t\t<\/dt><\/dl>\n\t\t\t<br style='clear: both' \/>\n\t\t<\/div>\n\n\n\t\t<\/div> \n\t<\/div> <\/div><\/div><\/div><\/div><\/div><div      class=\"vc_row wpb_row section vc_row-fluid\" style=' text-align:left;'><div class=\"full_section_inner clearfix\"><div class=\"wpb_column vc_column_container vc_col-sm-12\"><div class=\"vc_column-inner\"><div class=\"wpb_wrapper\">\n\t<div class=\"wpb_text_column wpb_content_element\">\n\t\t<div class=\"wpb_wrapper\">\n\t\t\t<p><a href=\"https:\/\/www.facebook.com\/hashtag\/eltrendelossue%C3%B1os?source=feed_text&amp;epa=HASHTAG&amp;__xts__%5B0%5D=68.ARCs6z27Iyft5av9cN3UkqlpOG3ouR8QWUk6LHyL-qdHghWO6gnZ8JVnF-soTzG7K9mdA6EI3SIuaTOyqscYs7T8W0Xce_FFLj-tMnev3XV2A9tCm_q732W2D_-IJNdJNJmrsbVwBcjY6D6ETKC0CIUM1Am6h5kwRx3wsIBLfXOLjW_31TzJe1-I0JkyPn9Erj_IHzdYeFJYv3oMNSHd12ovQzRXceXCfWIR3lP6l6Q3bcQSlmnCNLbDx2b6PCFMGBjBO-bndI7fTtS7GQAME8190xRuzwLHFNWNdzNQKKJgUxAbCLNIfL6usG7c0TFNrrVydSImX-vlbNKIMNhSYvyhMg&amp;__tn__=%2ANK-R\">#ElTrenDeLosSue\u00f1os<\/a>\u00a0lleg\u00f3 a Farmasol para hacernos vivir una tarde incre\u00edble y divertida junto a los ni\u00f1os y ni\u00f1as del Hogar Miguel Le\u00f3n.<\/p>\n<p>Una tarde de caritas pintadas, juegos y un recorrido inolvidable por todas las instalaciones de Farmasol. Sin duda alguna, una experiencia que nos ense\u00f1\u00f3 que cada sue\u00f1o nace en la mente curiosa de los ni\u00f1os y ni\u00f1as.<\/p>\n<p><a href=\"https:\/\/www.facebook.com\/hashtag\/farmasol?source=feed_text&amp;epa=HASHTAG&amp;__xts__%5B0%5D=68.ARCs6z27Iyft5av9cN3UkqlpOG3ouR8QWUk6LHyL-qdHghWO6gnZ8JVnF-soTzG7K9mdA6EI3SIuaTOyqscYs7T8W0Xce_FFLj-tMnev3XV2A9tCm_q732W2D_-IJNdJNJmrsbVwBcjY6D6ETKC0CIUM1Am6h5kwRx3wsIBLfXOLjW_31TzJe1-I0JkyPn9Erj_IHzdYeFJYv3oMNSHd12ovQzRXceXCfWIR3lP6l6Q3bcQSlmnCNLbDx2b6PCFMGBjBO-bndI7fTtS7GQAME8190xRuzwLHFNWNdzNQKKJgUxAbCLNIfL6usG7c0TFNrrVydSImX-vlbNKIMNhSYvyhMg&amp;__tn__=%2ANK-R\">#Farmasol<\/a>\u00a0<a href=\"https:\/\/www.facebook.com\/hashtag\/orgullosamentecuencana?source=feed_text&amp;epa=HASHTAG&amp;__xts__%5B0%5D=68.ARCs6z27Iyft5av9cN3UkqlpOG3ouR8QWUk6LHyL-qdHghWO6gnZ8JVnF-soTzG7K9mdA6EI3SIuaTOyqscYs7T8W0Xce_FFLj-tMnev3XV2A9tCm_q732W2D_-IJNdJNJmrsbVwBcjY6D6ETKC0CIUM1Am6h5kwRx3wsIBLfXOLjW_31TzJe1-I0JkyPn9Erj_IHzdYeFJYv3oMNSHd12ovQzRXceXCfWIR3lP6l6Q3bcQSlmnCNLbDx2b6PCFMGBjBO-bndI7fTtS7GQAME8190xRuzwLHFNWNdzNQKKJgUxAbCLNIfL6usG7c0TFNrrVydSImX-vlbNKIMNhSYvyhMg&amp;__tn__=%2ANK-R\">#OrgullosamenteCuencana<\/a>\u00a0<a href=\"https:\/\/www.facebook.com\/hashtag\/yosoyfarmasol?source=feed_text&amp;epa=HASHTAG&amp;__xts__%5B0%5D=68.ARCs6z27Iyft5av9cN3UkqlpOG3ouR8QWUk6LHyL-qdHghWO6gnZ8JVnF-soTzG7K9mdA6EI3SIuaTOyqscYs7T8W0Xce_FFLj-tMnev3XV2A9tCm_q732W2D_-IJNdJNJmrsbVwBcjY6D6ETKC0CIUM1Am6h5kwRx3wsIBLfXOLjW_31TzJe1-I0JkyPn9Erj_IHzdYeFJYv3oMNSHd12ovQzRXceXCfWIR3lP6l6Q3bcQSlmnCNLbDx2b6PCFMGBjBO-bndI7fTtS7GQAME8190xRuzwLHFNWNdzNQKKJgUxAbCLNIfL6usG7c0TFNrrVydSImX-vlbNKIMNhSYvyhMg&amp;__tn__=%2ANK-R\">#YoSoyFarmasol<\/a>\u00a0<a href=\"https:\/\/www.facebook.com\/hashtag\/ecuadorsintrabajoinfantil?source=feed_text&amp;epa=HASHTAG&amp;__xts__%5B0%5D=68.ARCs6z27Iyft5av9cN3UkqlpOG3ouR8QWUk6LHyL-qdHghWO6gnZ8JVnF-soTzG7K9mdA6EI3SIuaTOyqscYs7T8W0Xce_FFLj-tMnev3XV2A9tCm_q732W2D_-IJNdJNJmrsbVwBcjY6D6ETKC0CIUM1Am6h5kwRx3wsIBLfXOLjW_31TzJe1-I0JkyPn9Erj_IHzdYeFJYv3oMNSHd12ovQzRXceXCfWIR3lP6l6Q3bcQSlmnCNLbDx2b6PCFMGBjBO-bndI7fTtS7GQAME8190xRuzwLHFNWNdzNQKKJgUxAbCLNIfL6usG7c0TFNrrVydSImX-vlbNKIMNhSYvyhMg&amp;__tn__=%2ANK-R\">#EcuadorSinTrabajoInfantil<\/a><\/p>\n<p><a href=\"https:\/\/www.facebook.com\/redetiecuador\/?__tn__=K-R&amp;eid=ARBfMnFY2omnaiqtV6RyDglLxHf9E_BfsP5SoLPLOpOF-A4SVw3rrls0LtIx9y6eoHqFsY235-eU3VPv&amp;fref=mentions&amp;__xts__%5B0%5D=68.ARCs6z27Iyft5av9cN3UkqlpOG3ouR8QWUk6LHyL-qdHghWO6gnZ8JVnF-soTzG7K9mdA6EI3SIuaTOyqscYs7T8W0Xce_FFLj-tMnev3XV2A9tCm_q732W2D_-IJNdJNJmrsbVwBcjY6D6ETKC0CIUM1Am6h5kwRx3wsIBLfXOLjW_31TzJe1-I0JkyPn9Erj_IHzdYeFJYv3oMNSHd12ovQzRXceXCfWIR3lP6l6Q3bcQSlmnCNLbDx2b6PCFMGBjBO-bndI7fTtS7GQAME8190xRuzwLHFNWNdzNQKKJgUxAbCLNIfL6usG7c0TFNrrVydSImX-vlbNKIMNhSYvyhMg\">Red Empresas por un Ecuador Libre de Trabajo Infantil<\/a><\/p>\n\n\t\t<\/div> \n\t<\/div> <\/div><\/div><\/div><\/div><\/div>","protected":false},"excerpt":{"rendered":"<p>Una tarde de caritas pintadas, juegos y un recorrido inolvidable por todas las instalaciones de Farmasol. Sin duda alguna, una experiencia que nos ense\u00f1\u00f3 que cada sue\u00f1o nace en la mente curiosa de los ni\u00f1os y ni\u00f1as.<\/p>","protected":false},"author":1,"featured_media":0,"comment_status":"closed","ping_status":"closed","sticky":false,"template":"","format":"gallery","meta":{"_joinchat":[],"footnotes":""},"categories":[138],"tags":[139,144],"class_list":["post-15573","post","type-post","status-publish","format-gallery","hentry","category-noticias","tag-farmasol","tag-ninos","post_format-post-format-gallery"],"_links":{"self":[{"href":"http:\/\/www.farmasol.gob.ec\/en\/wp-json\/wp\/v2\/posts\/15573","targetHints":{"allow":["GET"]}}],"collection":[{"href":"http:\/\/www.farmasol.gob.ec\/en\/wp-json\/wp\/v2\/posts"}],"about":[{"href":"http:\/\/www.farmasol.gob.ec\/en\/wp-json\/wp\/v2\/types\/post"}],"author":[{"embeddable":true,"href":"http:\/\/www.farmasol.gob.ec\/en\/wp-json\/wp\/v2\/users\/1"}],"replies":[{"embeddable":true,"href":"http:\/\/www.farmasol.gob.ec\/en\/wp-json\/wp\/v2\/comments?post=15573"}],"version-history":[{"count":2,"href":"http:\/\/www.farmasol.gob.ec\/en\/wp-json\/wp\/v2\/posts\/15573\/revisions"}],"predecessor-version":[{"id":15687,"href":"http:\/\/www.farmasol.gob.ec\/en\/wp-json\/wp\/v2\/posts\/15573\/revisions\/15687"}],"wp:attachment":[{"href":"http:\/\/www.farmasol.gob.ec\/en\/wp-json\/wp\/v2\/media?parent=15573"}],"wp:term":[{"taxonomy":"category","embeddable":true,"href":"http:\/\/www.farmasol.gob.ec\/en\/wp-json\/wp\/v2\/categories?post=15573"},{"taxonomy":"post_tag","embeddable":true,"href":"http:\/\/www.farmasol.gob.ec\/en\/wp-json\/wp\/v2\/tags?post=15573"}],"curies":[{"name":"wp","href":"https:\/\/api.w.org\/{rel}","templated":true}]}}