{"id":16815,"date":"2022-06-24T22:49:55","date_gmt":"2022-06-24T20:49:55","guid":{"rendered":"http:\/\/www.farmasol.gob.ec\/?p=16815"},"modified":"2022-06-24T22:49:55","modified_gmt":"2022-06-24T20:49:55","slug":"jornada-extendida-duplicate-1","status":"publish","type":"post","link":"http:\/\/www.farmasol.gob.ec\/en\/2022\/06\/24\/jornada-extendida-duplicate-1\/","title":{"rendered":"EMOV y FARMASOL"},"content":{"rendered":"<div      class=\"vc_row wpb_row section vc_row-fluid\" style=' text-align:left;'><div class=\"full_section_inner clearfix\"><div class=\"wpb_column vc_column_container vc_col-sm-12\"><div class=\"vc_column-inner\"><div class=\"wpb_wrapper\">\n\t<div class=\"wpb_text_column wpb_content_element\">\n\t\t<div class=\"wpb_wrapper\">\n\t\t\t\n\t\t<style type=\"text\/css\">\n\t\t\t#gallery-1 {\n\t\t\t\tmargin: auto;\n\t\t\t}\n\t\t\t#gallery-1 .gallery-item {\n\t\t\t\tfloat: left;\n\t\t\t\tmargin-top: 10px;\n\t\t\t\ttext-align: center;\n\t\t\t\twidth: 33%;\n\t\t\t}\n\t\t\t#gallery-1 img {\n\t\t\t\tborder: 2px solid #cfcfcf;\n\t\t\t}\n\t\t\t#gallery-1 .gallery-caption {\n\t\t\t\tmargin-left: 0;\n\t\t\t}\n\t\t\t\/* see gallery_shortcode() in wp-includes\/media.php *\/\n\t\t<\/style>\n\t\t<div id='gallery-1' class='gallery galleryid-16815 gallery-columns-3 gallery-size-thumbnail'><dl class='gallery-item'>\n\t\t\t<dt class='gallery-icon landscape'>\n\t\t\t\t<img loading=\"lazy\" decoding=\"async\" width=\"150\" height=\"150\" src=\"http:\/\/www.farmasol.gob.ec\/wp-content\/uploads\/2022\/06\/WhatsApp-Image-2022-06-24-at-3.35.01-PM-150x150.jpeg\" class=\"attachment-thumbnail size-thumbnail\" alt=\"\" srcset=\"http:\/\/www.farmasol.gob.ec\/wp-content\/uploads\/2022\/06\/WhatsApp-Image-2022-06-24-at-3.35.01-PM-150x150.jpeg 150w, http:\/\/www.farmasol.gob.ec\/wp-content\/uploads\/2022\/06\/WhatsApp-Image-2022-06-24-at-3.35.01-PM-570x570.jpeg 570w, http:\/\/www.farmasol.gob.ec\/wp-content\/uploads\/2022\/06\/WhatsApp-Image-2022-06-24-at-3.35.01-PM-500x500.jpeg 500w\" sizes=\"auto, (max-width: 150px) 100vw, 150px\" \/>\n\t\t\t<\/dt><\/dl>\n\t\t\t<br style='clear: both' \/>\n\t\t<\/div>\n\n\n\t\t<\/div> \n\t<\/div> <\/div><\/div><\/div><\/div><\/div><div      class=\"vc_row wpb_row section vc_row-fluid\" style=' text-align:left;'><div class=\"full_section_inner clearfix\"><div class=\"wpb_column vc_column_container vc_col-sm-12\"><div class=\"vc_column-inner\"><div class=\"wpb_wrapper\">\n\t<div class=\"wpb_text_column wpb_content_element\">\n\t\t<div class=\"wpb_wrapper\">\n\t\t\t<p>&nbsp;<\/p>\n<p>&nbsp;<\/p>\n<p><span style=\"color: #53459a;\"><strong><span id=\"page3R_mcid2\" class=\"markedContent\"><span dir=\"ltr\" role=\"presentation\">EMOV y Farmasol se unen para realizar la entrega de medicinas a domicilio<\/span><\/span>.<\/strong><\/span><span id=\"page3R_mcid1\" class=\"markedContent\"><\/span><\/p>\n<p>Ante la situaci\u00f3n que atraviesa el pa\u00eds, y debido a la escasez de combustible y otras circunstancias que imposibilitan la normal movilidad de la ciudadan\u00eda, hoy, las empresas Farmasol y Emov firmaron un convenio de cooperaci\u00f3n interinstitucional de uso de bienes muebles, con la finalidad de disponer de las 21 bicicletas habilitadas por parte de la EMOV para brindar un servicio ininterrumpido de entrega de medicamentos de Farmasol a domicilio.<\/p>\n<p>El convenio durar\u00e1 hasta que se pueda garantizar la libre movilidad de los ciudadanos, en base a la resoluci\u00f3n administrativa que regula el plan de contingencia para la Empresa P\u00fablica y farmacias municipales solidarias Farmasol EP.<\/p>\n<p>Se informa a la ciudadan\u00eda que pueden hacer uso servicio \u201cDomicilios Farmasol\u201d, llamando al n\u00famero del call center 0998899164, activo de lunes a viernes, de 08:00 a 13:00 y de 14:30 a 17:00.<\/p>\n<p>Los medicamentos tambi\u00e9n pueden ser solicitados mediante la p\u00e1gina web http:\/\/www.farmasol.gob.ec.<\/p>\n<p>&nbsp;<\/p>\n<p>&nbsp;<\/p>\n\n\t\t<\/div> \n\t<\/div> <\/div><\/div><\/div><\/div><\/div>","protected":false},"excerpt":{"rendered":"<p>Como parte de la Sesi\u00f3n Solemne por la conmemoraci\u00f3n de los 460 a\u00f1os de Fundaci\u00f3n y el Trig\u00e9simo Sexto aniversario de Cantonizaci\u00f3n de San Fernando; la Municipalidad de Cuenca, a trav\u00e9s de Farmasol EP, firm\u00f3 dos convenios interinstitucionales con el GAD Municipal como alianza estrat\u00e9gica, para brindar servicios y fomentar oportunidades.<\/p>","protected":false},"author":1,"featured_media":16816,"comment_status":"open","ping_status":"closed","sticky":false,"template":"","format":"standard","meta":{"_joinchat":[],"footnotes":""},"categories":[138],"tags":[190,186,188,194,139,189,192,191,193],"class_list":["post-16815","post","type-post","status-publish","format-standard","has-post-thumbnail","hentry","category-noticias","tag-andres-penafiel","tag-convenio","tag-emov","tag-farmacia","tag-farmasol","tag-municipio-cuenca","tag-paro-nacional","tag-pedro-palacios","tag-salud"],"_links":{"self":[{"href":"http:\/\/www.farmasol.gob.ec\/en\/wp-json\/wp\/v2\/posts\/16815","targetHints":{"allow":["GET"]}}],"collection":[{"href":"http:\/\/www.farmasol.gob.ec\/en\/wp-json\/wp\/v2\/posts"}],"about":[{"href":"http:\/\/www.farmasol.gob.ec\/en\/wp-json\/wp\/v2\/types\/post"}],"author":[{"embeddable":true,"href":"http:\/\/www.farmasol.gob.ec\/en\/wp-json\/wp\/v2\/users\/1"}],"replies":[{"embeddable":true,"href":"http:\/\/www.farmasol.gob.ec\/en\/wp-json\/wp\/v2\/comments?post=16815"}],"version-history":[{"count":1,"href":"http:\/\/www.farmasol.gob.ec\/en\/wp-json\/wp\/v2\/posts\/16815\/revisions"}],"predecessor-version":[{"id":16817,"href":"http:\/\/www.farmasol.gob.ec\/en\/wp-json\/wp\/v2\/posts\/16815\/revisions\/16817"}],"wp:featuredmedia":[{"embeddable":true,"href":"http:\/\/www.farmasol.gob.ec\/en\/wp-json\/wp\/v2\/media\/16816"}],"wp:attachment":[{"href":"http:\/\/www.farmasol.gob.ec\/en\/wp-json\/wp\/v2\/media?parent=16815"}],"wp:term":[{"taxonomy":"category","embeddable":true,"href":"http:\/\/www.farmasol.gob.ec\/en\/wp-json\/wp\/v2\/categories?post=16815"},{"taxonomy":"post_tag","embeddable":true,"href":"http:\/\/www.farmasol.gob.ec\/en\/wp-json\/wp\/v2\/tags?post=16815"}],"curies":[{"name":"wp","href":"https:\/\/api.w.org\/{rel}","templated":true}]}}