{"id":16819,"date":"2022-06-28T22:15:20","date_gmt":"2022-06-28T20:15:20","guid":{"rendered":"http:\/\/www.farmasol.gob.ec\/?p=16819"},"modified":"2022-06-28T22:15:20","modified_gmt":"2022-06-28T20:15:20","slug":"emov-y-farmasol-duplicate-1","status":"publish","type":"post","link":"http:\/\/www.farmasol.gob.ec\/en\/2022\/06\/28\/emov-y-farmasol-duplicate-1\/","title":{"rendered":"COMUNICADO"},"content":{"rendered":"<div      class=\"vc_row wpb_row section vc_row-fluid\" style=' text-align:left;'><div class=\"full_section_inner clearfix\"><div class=\"wpb_column vc_column_container vc_col-sm-12\"><div class=\"vc_column-inner\"><div class=\"wpb_wrapper\">\n\t<div class=\"wpb_text_column wpb_content_element\">\n\t\t<div class=\"wpb_wrapper\">\n\t\t\t\n\t\t<style type=\"text\/css\">\n\t\t\t#gallery-1 {\n\t\t\t\tmargin: auto;\n\t\t\t}\n\t\t\t#gallery-1 .gallery-item {\n\t\t\t\tfloat: left;\n\t\t\t\tmargin-top: 10px;\n\t\t\t\ttext-align: center;\n\t\t\t\twidth: 33%;\n\t\t\t}\n\t\t\t#gallery-1 img {\n\t\t\t\tborder: 2px solid #cfcfcf;\n\t\t\t}\n\t\t\t#gallery-1 .gallery-caption {\n\t\t\t\tmargin-left: 0;\n\t\t\t}\n\t\t\t\/* see gallery_shortcode() in wp-includes\/media.php *\/\n\t\t<\/style>\n\t\t<div id='gallery-1' class='gallery galleryid-16819 gallery-columns-3 gallery-size-thumbnail'><dl class='gallery-item'>\n\t\t\t<dt class='gallery-icon landscape'>\n\t\t\t\t<img loading=\"lazy\" decoding=\"async\" width=\"150\" height=\"150\" src=\"http:\/\/www.farmasol.gob.ec\/wp-content\/uploads\/2022\/06\/DSC0319-150x150.jpg\" class=\"attachment-thumbnail size-thumbnail\" alt=\"\" srcset=\"http:\/\/www.farmasol.gob.ec\/wp-content\/uploads\/2022\/06\/DSC0319-150x150.jpg 150w, http:\/\/www.farmasol.gob.ec\/wp-content\/uploads\/2022\/06\/DSC0319-570x570.jpg 570w, http:\/\/www.farmasol.gob.ec\/wp-content\/uploads\/2022\/06\/DSC0319-500x500.jpg 500w, http:\/\/www.farmasol.gob.ec\/wp-content\/uploads\/2022\/06\/DSC0319-1000x1000.jpg 1000w\" sizes=\"auto, (max-width: 150px) 100vw, 150px\" \/>\n\t\t\t<\/dt><\/dl>\n\t\t\t<br style='clear: both' \/>\n\t\t<\/div>\n\n\n\t\t<\/div> \n\t<\/div> <\/div><\/div><\/div><\/div><\/div><div      class=\"vc_row wpb_row section vc_row-fluid\" style=' text-align:left;'><div class=\"full_section_inner clearfix\"><div class=\"wpb_column vc_column_container vc_col-sm-12\"><div class=\"vc_column-inner\"><div class=\"wpb_wrapper\">\n\t<div class=\"wpb_text_column wpb_content_element\">\n\t\t<div class=\"wpb_wrapper\">\n\t\t\t<p>&nbsp;<\/p>\n<p><span style=\"color: #53459a;\"><strong><span id=\"page3R_mcid2\" class=\"markedContent\"><\/span>FARMASOL INFORMA A LA CIUDADAN\u00cdA<br \/>\n<\/strong><\/span><span id=\"page3R_mcid1\" class=\"markedContent\"><\/span><\/p>\n<p>Ante la situaci\u00f3n que vivimos y debido al Paro Nacional, comunicamos a la ciudadan\u00eda que el d\u00eda de hoy, permanecer\u00e1n cerrados los siguientes puntos Farmasol:<\/p>\n<p>\u2022 Arenal<br \/>\n\u2022 Nulti<br \/>\n\u2022 Turi<br \/>\n\u2022 Santa Ana<\/p>\n<p>En tanto, estaremos abiertos en los locales <strong>12 de Abril, 27 de Febrero, 9 de Octubre, ASO 1,2,3, Balzay, BBSOL, Centro M\u00faltiple, Chaucha, Cumbe, Don Bosco, Centro M\u00faltiple, Chaucha, Cumbe, El Cebollar, El Para\u00edso, El Valle, El Vergel, Eucaliptos, Gir\u00f3n, Gualaceo, Los Nogales, Miraflores, Misicata, Monay, O\u00f1a, Patamarca, Quito 1, Racar, Ricauter, San Joaqu\u00edn, Santa Teresita, Sayaus\u00ed, Sinincay, Terminal Terrestre, Totoratocha y Tarqui.<\/strong><\/p>\n<p>Adem\u00e1s, contamos con atenci\u00f3n <strong>24 horas en Farmasol Ba\u00f1os y Centro Hist\u00f3rico<\/strong> (Turno vigente hasta el 2 de julio).<\/p>\n<p>&nbsp;<\/p>\n<p>&nbsp;<\/p>\n<p>&nbsp;<\/p>\n\n\t\t<\/div> \n\t<\/div> <\/div><\/div><\/div><\/div><\/div>","protected":false},"excerpt":{"rendered":"<p>Como parte de la Sesi\u00f3n Solemne por la conmemoraci\u00f3n de los 460 a\u00f1os de Fundaci\u00f3n y el Trig\u00e9simo Sexto aniversario de Cantonizaci\u00f3n de San Fernando; la Municipalidad de Cuenca, a trav\u00e9s de Farmasol EP, firm\u00f3 dos convenios interinstitucionales con el GAD Municipal como alianza estrat\u00e9gica, para brindar servicios y fomentar oportunidades.<\/p>","protected":false},"author":1,"featured_media":16820,"comment_status":"open","ping_status":"closed","sticky":false,"template":"","format":"standard","meta":{"_joinchat":[],"footnotes":""},"categories":[138],"tags":[190,186,188,194,139,189,192,191,193],"class_list":["post-16819","post","type-post","status-publish","format-standard","has-post-thumbnail","hentry","category-noticias","tag-andres-penafiel","tag-convenio","tag-emov","tag-farmacia","tag-farmasol","tag-municipio-cuenca","tag-paro-nacional","tag-pedro-palacios","tag-salud"],"_links":{"self":[{"href":"http:\/\/www.farmasol.gob.ec\/en\/wp-json\/wp\/v2\/posts\/16819","targetHints":{"allow":["GET"]}}],"collection":[{"href":"http:\/\/www.farmasol.gob.ec\/en\/wp-json\/wp\/v2\/posts"}],"about":[{"href":"http:\/\/www.farmasol.gob.ec\/en\/wp-json\/wp\/v2\/types\/post"}],"author":[{"embeddable":true,"href":"http:\/\/www.farmasol.gob.ec\/en\/wp-json\/wp\/v2\/users\/1"}],"replies":[{"embeddable":true,"href":"http:\/\/www.farmasol.gob.ec\/en\/wp-json\/wp\/v2\/comments?post=16819"}],"version-history":[{"count":1,"href":"http:\/\/www.farmasol.gob.ec\/en\/wp-json\/wp\/v2\/posts\/16819\/revisions"}],"predecessor-version":[{"id":16821,"href":"http:\/\/www.farmasol.gob.ec\/en\/wp-json\/wp\/v2\/posts\/16819\/revisions\/16821"}],"wp:featuredmedia":[{"embeddable":true,"href":"http:\/\/www.farmasol.gob.ec\/en\/wp-json\/wp\/v2\/media\/16820"}],"wp:attachment":[{"href":"http:\/\/www.farmasol.gob.ec\/en\/wp-json\/wp\/v2\/media?parent=16819"}],"wp:term":[{"taxonomy":"category","embeddable":true,"href":"http:\/\/www.farmasol.gob.ec\/en\/wp-json\/wp\/v2\/categories?post=16819"},{"taxonomy":"post_tag","embeddable":true,"href":"http:\/\/www.farmasol.gob.ec\/en\/wp-json\/wp\/v2\/tags?post=16819"}],"curies":[{"name":"wp","href":"https:\/\/api.w.org\/{rel}","templated":true}]}}