{"id":16822,"date":"2022-07-04T17:54:55","date_gmt":"2022-07-04T15:54:55","guid":{"rendered":"http:\/\/www.farmasol.gob.ec\/?p=16822"},"modified":"2022-07-04T17:54:55","modified_gmt":"2022-07-04T15:54:55","slug":"comunicado-duplicate-1","status":"publish","type":"post","link":"http:\/\/www.farmasol.gob.ec\/en\/2022\/07\/04\/comunicado-duplicate-1\/","title":{"rendered":"Minga por el Benigno Malo"},"content":{"rendered":"<div      class=\"vc_row wpb_row section vc_row-fluid\" style=' text-align:left;'><div class=\"full_section_inner clearfix\"><div class=\"wpb_column vc_column_container vc_col-sm-12\"><div class=\"vc_column-inner\"><div class=\"wpb_wrapper\">\n\t<div class=\"wpb_text_column wpb_content_element\">\n\t\t<div class=\"wpb_wrapper\">\n\t\t\t\n\t\t<style type=\"text\/css\">\n\t\t\t#gallery-1 {\n\t\t\t\tmargin: auto;\n\t\t\t}\n\t\t\t#gallery-1 .gallery-item {\n\t\t\t\tfloat: left;\n\t\t\t\tmargin-top: 10px;\n\t\t\t\ttext-align: center;\n\t\t\t\twidth: 33%;\n\t\t\t}\n\t\t\t#gallery-1 img {\n\t\t\t\tborder: 2px solid #cfcfcf;\n\t\t\t}\n\t\t\t#gallery-1 .gallery-caption {\n\t\t\t\tmargin-left: 0;\n\t\t\t}\n\t\t\t\/* see gallery_shortcode() in wp-includes\/media.php *\/\n\t\t<\/style>\n\t\t<div id='gallery-1' class='gallery galleryid-16822 gallery-columns-3 gallery-size-thumbnail'><dl class='gallery-item'>\n\t\t\t<dt class='gallery-icon landscape'>\n\t\t\t\t<img loading=\"lazy\" decoding=\"async\" width=\"150\" height=\"150\" src=\"http:\/\/www.farmasol.gob.ec\/wp-content\/uploads\/2022\/07\/01-150x150.jpg\" class=\"attachment-thumbnail size-thumbnail\" alt=\"\" srcset=\"http:\/\/www.farmasol.gob.ec\/wp-content\/uploads\/2022\/07\/01-150x150.jpg 150w, http:\/\/www.farmasol.gob.ec\/wp-content\/uploads\/2022\/07\/01-570x570.jpg 570w, http:\/\/www.farmasol.gob.ec\/wp-content\/uploads\/2022\/07\/01-500x500.jpg 500w\" sizes=\"auto, (max-width: 150px) 100vw, 150px\" \/>\n\t\t\t<\/dt><\/dl><dl class='gallery-item'>\n\t\t\t<dt class='gallery-icon landscape'>\n\t\t\t\t<img loading=\"lazy\" decoding=\"async\" width=\"150\" height=\"150\" src=\"http:\/\/www.farmasol.gob.ec\/wp-content\/uploads\/2022\/07\/03-150x150.jpg\" class=\"attachment-thumbnail size-thumbnail\" alt=\"\" srcset=\"http:\/\/www.farmasol.gob.ec\/wp-content\/uploads\/2022\/07\/03-150x150.jpg 150w, http:\/\/www.farmasol.gob.ec\/wp-content\/uploads\/2022\/07\/03-570x570.jpg 570w, http:\/\/www.farmasol.gob.ec\/wp-content\/uploads\/2022\/07\/03-500x500.jpg 500w\" sizes=\"auto, (max-width: 150px) 100vw, 150px\" \/>\n\t\t\t<\/dt><\/dl>\n\t\t\t<br style='clear: both' \/>\n\t\t<\/div>\n\n\n\t\t<\/div> \n\t<\/div> <\/div><\/div><\/div><\/div><\/div><div      class=\"vc_row wpb_row section vc_row-fluid\" style=' text-align:left;'><div class=\"full_section_inner clearfix\"><div class=\"wpb_column vc_column_container vc_col-sm-12\"><div class=\"vc_column-inner\"><div class=\"wpb_wrapper\">\n\t<div class=\"wpb_text_column wpb_content_element\">\n\t\t<div class=\"wpb_wrapper\">\n\t\t\t<p>&nbsp;<\/p>\n<p><span style=\"color: #53459a;\"><strong><span id=\"page3R_mcid2\" class=\"markedContent\"><\/span>La Alcald\u00eda de Cuenca apoya la campa\u00f1a Minga por el Benigno Malo<br \/>\n<\/strong><\/span><span id=\"page3R_mcid1\" class=\"markedContent\"><\/span><\/p>\n<div class=\"page\" title=\"Page 1\">\n<div class=\"layoutArea\">\n<div class=\"column\">\n<p>Mediante una minga de limpieza y adecuacio\u0301n de las instalaciones del colegio Benigno Malo, la Alcaldi\u0301a de Cuenca apoyo\u0301 a la campan\u0303a \u201cMinga por el Benigno Malo\u201d, que tiene por objetivo recuperar este\u0301tica del edificio de esta institucio\u0301n educativa, que es parte del patrimonio cultural de la ciudad de Cuenca y del pai\u0301s.<\/p>\n<p>Actualmente la edificacio\u0301n es amenazada por el deterioro de su infraestructura causado por el tiempo, la violencia del grafiti y la falta de mantenimiento, problemas que por falta de presupuesto no ha permitido dar soluciones a la difi\u0301cil situacio\u0301n.<\/p>\n<p>Con el soporte de las empresas pu\u0301blicas EMOV, EMAC, Fundacio\u0301n Municipal de Turismo, Farmasol, EDEC; y la participacio\u0301n de autoridades del tradicional colegio, ex alumnos y profesores, se hicieron mejoras con el pintado de dos canchas deportivas y el paso peatonal de la institucio\u0301n, adema\u0301s se realizo\u0301 la limpieza de varias zonas.<\/p>\n<p>\u201cPara lograr este objetivo es necesario recaudar 40 mil do\u0301lares. Solicitamos a las empresas, medios de comunicacio\u0301n y ciudadani\u0301a en general a sumarse en esta campan\u0303a solidaria y social que forma parte de la vida de Cuenca\u201d, manifesto\u0301 el Dr. Julio Mosquera, rector del Colegio Nacional Benigno Malo.<\/p>\n<p>Es importante recalcar el apoyo del alcalde Pedro Palacios a estas actividades que permitieron mejorar interna y externamente el aspecto del colegio.<\/p>\n<p>Por su parte Farmasol, colabora con venta de boletos cuyos fondos sera\u0301n destinados a cumplir con esta noble causa. La solidaridad y el aporte social permitira\u0301n beneficiar a ma\u0301s de 1.150 estudiantes de este plantel educativo que tiene 158 an\u0303os de vida.<\/p>\n<\/div>\n<\/div>\n<\/div>\n<p>&nbsp;<\/p>\n<p>&nbsp;<\/p>\n<p>&nbsp;<\/p>\n\n\t\t<\/div> \n\t<\/div> <\/div><\/div><\/div><\/div><\/div>","protected":false},"excerpt":{"rendered":"<p>Como parte de la Sesi\u00f3n Solemne por la conmemoraci\u00f3n de los 460 a\u00f1os de Fundaci\u00f3n y el Trig\u00e9simo Sexto aniversario de Cantonizaci\u00f3n de San Fernando; la Municipalidad de Cuenca, a trav\u00e9s de Farmasol EP, firm\u00f3 dos convenios interinstitucionales con el GAD Municipal como alianza estrat\u00e9gica, para brindar servicios y fomentar oportunidades.<\/p>","protected":false},"author":1,"featured_media":16824,"comment_status":"open","ping_status":"closed","sticky":false,"template":"","format":"standard","meta":{"_joinchat":[],"footnotes":""},"categories":[138],"tags":[190,186,188,194,139,189,192,191,193],"class_list":["post-16822","post","type-post","status-publish","format-standard","has-post-thumbnail","hentry","category-noticias","tag-andres-penafiel","tag-convenio","tag-emov","tag-farmacia","tag-farmasol","tag-municipio-cuenca","tag-paro-nacional","tag-pedro-palacios","tag-salud"],"_links":{"self":[{"href":"http:\/\/www.farmasol.gob.ec\/en\/wp-json\/wp\/v2\/posts\/16822","targetHints":{"allow":["GET"]}}],"collection":[{"href":"http:\/\/www.farmasol.gob.ec\/en\/wp-json\/wp\/v2\/posts"}],"about":[{"href":"http:\/\/www.farmasol.gob.ec\/en\/wp-json\/wp\/v2\/types\/post"}],"author":[{"embeddable":true,"href":"http:\/\/www.farmasol.gob.ec\/en\/wp-json\/wp\/v2\/users\/1"}],"replies":[{"embeddable":true,"href":"http:\/\/www.farmasol.gob.ec\/en\/wp-json\/wp\/v2\/comments?post=16822"}],"version-history":[{"count":1,"href":"http:\/\/www.farmasol.gob.ec\/en\/wp-json\/wp\/v2\/posts\/16822\/revisions"}],"predecessor-version":[{"id":16825,"href":"http:\/\/www.farmasol.gob.ec\/en\/wp-json\/wp\/v2\/posts\/16822\/revisions\/16825"}],"wp:featuredmedia":[{"embeddable":true,"href":"http:\/\/www.farmasol.gob.ec\/en\/wp-json\/wp\/v2\/media\/16824"}],"wp:attachment":[{"href":"http:\/\/www.farmasol.gob.ec\/en\/wp-json\/wp\/v2\/media?parent=16822"}],"wp:term":[{"taxonomy":"category","embeddable":true,"href":"http:\/\/www.farmasol.gob.ec\/en\/wp-json\/wp\/v2\/categories?post=16822"},{"taxonomy":"post_tag","embeddable":true,"href":"http:\/\/www.farmasol.gob.ec\/en\/wp-json\/wp\/v2\/tags?post=16822"}],"curies":[{"name":"wp","href":"https:\/\/api.w.org\/{rel}","templated":true}]}}