{"id":17401,"date":"2023-11-08T20:41:48","date_gmt":"2023-11-08T19:41:48","guid":{"rendered":"http:\/\/www.farmasol.gob.ec\/?p=17401"},"modified":"2023-11-08T20:41:48","modified_gmt":"2023-11-08T19:41:48","slug":"donaciones-de-panales-kits-para-bebes-y-comida-para-mascotas-seran-entregadas-en-hospitales-y-fundaciones-duplicate-1","status":"publish","type":"post","link":"http:\/\/www.farmasol.gob.ec\/en\/2023\/11\/08\/donaciones-de-panales-kits-para-bebes-y-comida-para-mascotas-seran-entregadas-en-hospitales-y-fundaciones-duplicate-1\/","title":{"rendered":"Farmasol inaugura primera farmacia especializada."},"content":{"rendered":"<p>La Alcald\u00eda de Cuenca y su empresa Farmasol EP inauguran su primera farmacia especializada en oncolog\u00eda, dermatolog\u00eda, hematolog\u00eda y l\u00ednea veterinaria, Farmasol \u2013 San Alfonso, ubicada en la esquina de las calles Hermano Miguel y Mariscal Sucre, en pleno Centro Hist\u00f3rico.<\/p>\n<p>A ra\u00edz de la aprobaci\u00f3n de la Ordenanza de Farmasol EP, la empresa ampl\u00eda su cat\u00e1logo de productos y servicios en donde se incluye la l\u00ednea veterinaria y se presta el servicio ambulatorio para pacientes oncol\u00f3gicos.<\/p>\n<p>El nuevo local de Farmasol, est\u00e1 adecuada en una casa de dos plantas donde se encuentran las l\u00edneas de Farmapet, dirigida a animales de compa\u00f1\u00eda, con accesorios, ropa, alimentos, productos de dermocosm\u00e9tica y medicinas.<\/p>\n<p>Tambi\u00e9n se encuentra con nuestro cat\u00e1logo de medicinas para pacientes oncol\u00f3gicos, denominado Oncosol, nuestra l\u00ednea dermatol\u00f3gica, denominada Dermasol, a precios solidarios y Bebesol<strong>,<\/strong> dirigida a ni\u00f1os, en donde se comercializa pa\u00f1ales, accesorios para beb\u00e9, l\u00ednea cosm\u00e9tica y biberones.<\/p>\n<p>Farmasol San Alfonso, ser\u00e1 un espacio en donde de la mano de expertos en salud se d<\/p>\n<p>ar\u00e1n charlas de prevenci\u00f3n y concientizaci\u00f3n con el objetivo de prevenir enfermedades y generar conciencia ciudadana, adem\u00e1s los ni\u00f1os tambi\u00e9n contar\u00e1n con un espacio para su esparcimiento.<\/p>\n<p><strong>Apoyo a grupos vulnerables <\/strong><\/p>\n<p>Adem\u00e1s, la empresa beneficia a personas con discapacidad, pacientes cr\u00f3nicos con enfermedades terminales, instituciones de car\u00e1cter social, personas de la tercera edad y grupos de atenci\u00f3n prioritaria.<\/p>\n<p>\u201cAtendemos y aseguramos la prestaci\u00f3n de los servicios a la poblaci\u00f3n en condici\u00f3n de vulnerabilidad social, f\u00edsica o econ\u00f3mica\u201d, agreg\u00f3 el alcalde de Cuenca, Cristian Zamora.<\/p>\n<p>\u201cPromovemos el acceso a servicios m\u00e9dicos complementarios, ampliamos nuestro cat\u00e1logo de productos, como un componente esencial de una atenci\u00f3n sanitaria completa y de calidad\u201d, expres\u00f3, Jorge Ulloa, gerente general de Farmasol EP.<\/p>\n<p><strong>Firma de convenios <\/strong><\/p>\n<p>Durante el acto inaugural de Farmasol \u2013 San Alfonso se firmaron tres convenios de cooperaci\u00f3n interinstitucional en beneficio ciudadano, con Agroazuay para la implementaci\u00f3n de proyectos que fuesen de inter\u00e9s com\u00fan.<\/p>\n<p>Con el Gad Municipal, cuyo objetivo es que los servidores municipales accedan al cr\u00e9dito empresarial, con un beneficio de hasta USD. 200,00 de cuota. <u>\u00a0<\/u><\/p>\n<p>Finalmente se firm\u00f3 un convenio con la Unidad Ejecutora del Proyecto Tranv\u00eda de Cuenca, para promocionar, difundir y comunicar a sus usuarios los beneficios ofertados por cada una de las instituciones intervinientes.<\/p>\n<p><strong>DATO:<\/strong><\/p>\n<p>Los horarios de atenci\u00f3n de Farmasol San Alfonso son de lunes a viernes de 8:00 a 20:00, s\u00e1bados de 09:00 a 19:00 y domingos de 09:00 a 13:00.<\/p>","protected":false},"excerpt":{"rendered":"<p>La Alcald\u00eda de Cuenca y su empresa Farmasol EP inauguran su primera farmacia especializada en oncolog\u00eda, dermatolog\u00eda, hematolog\u00eda y l\u00ednea veterinaria, Farmasol \u2013 San Alfonso, ubicada en la esquina de las calles Hermano Miguel y Mariscal Sucre, en pleno Centro Hist\u00f3rico. A ra\u00edz de la&#8230;<\/p>","protected":false},"author":1,"featured_media":17403,"comment_status":"closed","ping_status":"open","sticky":false,"template":"","format":"standard","meta":{"_joinchat":[],"footnotes":""},"categories":[1],"tags":[],"class_list":["post-17401","post","type-post","status-publish","format-standard","has-post-thumbnail","hentry","category-sin-categoria"],"_links":{"self":[{"href":"http:\/\/www.farmasol.gob.ec\/en\/wp-json\/wp\/v2\/posts\/17401","targetHints":{"allow":["GET"]}}],"collection":[{"href":"http:\/\/www.farmasol.gob.ec\/en\/wp-json\/wp\/v2\/posts"}],"about":[{"href":"http:\/\/www.farmasol.gob.ec\/en\/wp-json\/wp\/v2\/types\/post"}],"author":[{"embeddable":true,"href":"http:\/\/www.farmasol.gob.ec\/en\/wp-json\/wp\/v2\/users\/1"}],"replies":[{"embeddable":true,"href":"http:\/\/www.farmasol.gob.ec\/en\/wp-json\/wp\/v2\/comments?post=17401"}],"version-history":[{"count":1,"href":"http:\/\/www.farmasol.gob.ec\/en\/wp-json\/wp\/v2\/posts\/17401\/revisions"}],"predecessor-version":[{"id":17404,"href":"http:\/\/www.farmasol.gob.ec\/en\/wp-json\/wp\/v2\/posts\/17401\/revisions\/17404"}],"wp:featuredmedia":[{"embeddable":true,"href":"http:\/\/www.farmasol.gob.ec\/en\/wp-json\/wp\/v2\/media\/17403"}],"wp:attachment":[{"href":"http:\/\/www.farmasol.gob.ec\/en\/wp-json\/wp\/v2\/media?parent=17401"}],"wp:term":[{"taxonomy":"category","embeddable":true,"href":"http:\/\/www.farmasol.gob.ec\/en\/wp-json\/wp\/v2\/categories?post=17401"},{"taxonomy":"post_tag","embeddable":true,"href":"http:\/\/www.farmasol.gob.ec\/en\/wp-json\/wp\/v2\/tags?post=17401"}],"curies":[{"name":"wp","href":"https:\/\/api.w.org\/{rel}","templated":true}]}}