{"id":17430,"date":"2023-12-18T22:11:18","date_gmt":"2023-12-18T21:11:18","guid":{"rendered":"http:\/\/www.farmasol.gob.ec\/?p=17430"},"modified":"2023-12-18T22:11:18","modified_gmt":"2023-12-18T21:11:18","slug":"alcaldia-de-cuenca-entrego-una-tonelada-de-alimento-para-mascotas-a-organizaciones-y-fundaciones-animalistas-duplicate-1","status":"publish","type":"post","link":"http:\/\/www.farmasol.gob.ec\/en\/2023\/12\/18\/alcaldia-de-cuenca-entrego-una-tonelada-de-alimento-para-mascotas-a-organizaciones-y-fundaciones-animalistas-duplicate-1\/","title":{"rendered":"Farmasol EP inaugura farmacia especializada Farmasol, La Feria."},"content":{"rendered":"<p>En un ambiente festivo inauguramos Farmasol, La Feria, la cual nace como un concepto dentro de las nuevas farmacias especializadas de la empresa, con el objetivo de acoger a un segmento de la poblaci\u00f3n que busca las compras masivas de productos y dar una atenci\u00f3n eficiente a los grupos de atenci\u00f3n prioritaria.<\/p>\n<p>\u201cQueremos acoger a un nuevo segmento de compra masiva y a los grupos de atenci\u00f3n prioritaria, en este nuevo punto manejaremos descuentos con una tasa comercial diferenciada, los descuentos van a ser permanentes y adem\u00e1s ser\u00e1 un punto en donde habr\u00e1 constantes activaciones y atenci\u00f3n m\u00e9dica general gratuita, buscando dar el mejor servicio en salud a los grupos prioritarios\u201d inform\u00f3 el Dr. Jorge Ulloa, gerente de Farmasol.<\/p>\n<p>La farmacia se enfocar\u00e1 en la venta de productos de consumo masivo al por mayor como por ejemplo las leches de f\u00f3rmula para ni\u00f1os y, en las l\u00edneas especializadas de medicamentos para enfermedades cr\u00f3nicas como la hipertensi\u00f3n arterial y diabetes, que son requerimientos de consumo regular.<\/p>\n<p>Adem\u00e1s, contar\u00e1 con la l\u00ednea OTC (Over the Counter): medicina sin receta y productos de consumo masivo, la l\u00ednea cosm\u00e9tica, dermatol\u00f3gica, l\u00ednea para beb\u00e9s y m\u00e1s.<\/p>\n<p>Proyecto contra la desnutrici\u00f3n:<\/p>\n<p>Mediante alianzas estrat\u00e9gicas p\u00fablico &#8211; privado con las diferentes empresas que producen y que generan los productos que combaten la lucha directa contra la desnutrici\u00f3n, a trav\u00e9s de Farmasol queremos ser un v\u00ednculo entre ellas y la sociedad para llegar con estos productos a precios solidarios y con campa\u00f1as en las cuales entreguemos estos productos de manera directa a los ni\u00f1os.<\/p>\n<p>Horarios y d\u00edas de funcionamiento:<\/p>\n<p>Lunes a viernes de 7:00 a 19:00<\/p>\n<p>S\u00e1bados de 7:00 a 18:00<\/p>\n<p>Domingos de 8:00 a 13:00<\/p>","protected":false},"excerpt":{"rendered":"<p>En un ambiente festivo inauguramos Farmasol, La Feria, la cual nace como un concepto dentro de las nuevas farmacias especializadas de la empresa, con el objetivo de acoger a un segmento de la poblaci\u00f3n que busca las compras masivas de productos y dar una atenci\u00f3n&#8230;<\/p>","protected":false},"author":1,"featured_media":17431,"comment_status":"closed","ping_status":"open","sticky":false,"template":"","format":"standard","meta":{"_joinchat":[],"footnotes":""},"categories":[1],"tags":[],"class_list":["post-17430","post","type-post","status-publish","format-standard","has-post-thumbnail","hentry","category-sin-categoria"],"_links":{"self":[{"href":"http:\/\/www.farmasol.gob.ec\/en\/wp-json\/wp\/v2\/posts\/17430","targetHints":{"allow":["GET"]}}],"collection":[{"href":"http:\/\/www.farmasol.gob.ec\/en\/wp-json\/wp\/v2\/posts"}],"about":[{"href":"http:\/\/www.farmasol.gob.ec\/en\/wp-json\/wp\/v2\/types\/post"}],"author":[{"embeddable":true,"href":"http:\/\/www.farmasol.gob.ec\/en\/wp-json\/wp\/v2\/users\/1"}],"replies":[{"embeddable":true,"href":"http:\/\/www.farmasol.gob.ec\/en\/wp-json\/wp\/v2\/comments?post=17430"}],"version-history":[{"count":1,"href":"http:\/\/www.farmasol.gob.ec\/en\/wp-json\/wp\/v2\/posts\/17430\/revisions"}],"predecessor-version":[{"id":17432,"href":"http:\/\/www.farmasol.gob.ec\/en\/wp-json\/wp\/v2\/posts\/17430\/revisions\/17432"}],"wp:featuredmedia":[{"embeddable":true,"href":"http:\/\/www.farmasol.gob.ec\/en\/wp-json\/wp\/v2\/media\/17431"}],"wp:attachment":[{"href":"http:\/\/www.farmasol.gob.ec\/en\/wp-json\/wp\/v2\/media?parent=17430"}],"wp:term":[{"taxonomy":"category","embeddable":true,"href":"http:\/\/www.farmasol.gob.ec\/en\/wp-json\/wp\/v2\/categories?post=17430"},{"taxonomy":"post_tag","embeddable":true,"href":"http:\/\/www.farmasol.gob.ec\/en\/wp-json\/wp\/v2\/tags?post=17430"}],"curies":[{"name":"wp","href":"https:\/\/api.w.org\/{rel}","templated":true}]}}