{"id":17436,"date":"2024-01-02T15:32:25","date_gmt":"2024-01-02T14:32:25","guid":{"rendered":"http:\/\/www.farmasol.gob.ec\/?p=17436"},"modified":"2024-01-02T15:32:25","modified_gmt":"2024-01-02T14:32:25","slug":"farmasol-ep-inaugura-farmacia-especializada-farmasol-la-feria-duplicate-1","status":"publish","type":"post","link":"http:\/\/www.farmasol.gob.ec\/en\/2024\/01\/02\/farmasol-ep-inaugura-farmacia-especializada-farmasol-la-feria-duplicate-1\/","title":{"rendered":"M\u00e1s de 145.000 pa\u00f1ales se donaron a grupos vulnerables de Cuenca."},"content":{"rendered":"<p>M\u00e1s de 145.000 pa\u00f1ales fueron donados por la empresa Farmasol a los grupos de atenci\u00f3n prioritaria del cant\u00f3n, seg\u00fan las directrices del alcalde de Cuenca, Cristian Zamora.<\/p>\n<p>De la cifra, 92.000 pa\u00f1ales se entregaron como parte del proyecto \u201cNavidar con Amor\u201d, que recorri\u00f3 las 21 parroquias rurales. Como parte de esta iniciativa, los padres de familia junto a sus hijos disfrutaron de actividades l\u00fadicas: espect\u00e1culos de clown, m\u00fasica, danzas, coros navide\u00f1os y m\u00e1s.<\/p>\n<p>Mientras que 19.000 pa\u00f1ales fueron donados a fundaciones, casas, hogares de acogida, hospitales, etc., que albergan a reci\u00e9n nacidos, personas con discapacidad, personas con enfermedades raras y adultos mayores.<\/p>\n<p>Adem\u00e1s, en los eventos Navidar con Amor y Navidad Violeta que se desarrollaron el s\u00e1bado 23 de diciembre y que homenajearon a ni\u00f1os y ni\u00f1as del cant\u00f3n, se entregaron 34.000 pa\u00f1ales.<\/p>\n<p>\u201cEn 2024 el objetivo es continuar con nuestros recorridos para entregar los pa\u00f1ales a grupos vulnerables del cant\u00f3n\u201d explic\u00f3 el gerente de Farmasol, Jorge Ulloa.<\/p>\n<p>Dato:<\/p>\n<p>La Alcald\u00eda de Cuenca por motivo de las fiestas de Independencia, ofreci\u00f3 a la ciudadan\u00eda un concierto internacional de Luis Fonsi, en el cual las personas canjearon su entrada por una paca de pa\u00f1ales.<\/p>","protected":false},"excerpt":{"rendered":"<p>M\u00e1s de 145.000 pa\u00f1ales fueron donados por la empresa Farmasol a los grupos de atenci\u00f3n prioritaria del cant\u00f3n, seg\u00fan las directrices del alcalde de Cuenca, Cristian Zamora. De la cifra, 92.000 pa\u00f1ales se entregaron como parte del proyecto \u201cNavidar con Amor\u201d, que recorri\u00f3 las 21&#8230;<\/p>","protected":false},"author":1,"featured_media":17439,"comment_status":"closed","ping_status":"open","sticky":false,"template":"","format":"standard","meta":{"_joinchat":[],"footnotes":""},"categories":[1],"tags":[],"class_list":["post-17436","post","type-post","status-publish","format-standard","has-post-thumbnail","hentry","category-sin-categoria"],"_links":{"self":[{"href":"http:\/\/www.farmasol.gob.ec\/en\/wp-json\/wp\/v2\/posts\/17436","targetHints":{"allow":["GET"]}}],"collection":[{"href":"http:\/\/www.farmasol.gob.ec\/en\/wp-json\/wp\/v2\/posts"}],"about":[{"href":"http:\/\/www.farmasol.gob.ec\/en\/wp-json\/wp\/v2\/types\/post"}],"author":[{"embeddable":true,"href":"http:\/\/www.farmasol.gob.ec\/en\/wp-json\/wp\/v2\/users\/1"}],"replies":[{"embeddable":true,"href":"http:\/\/www.farmasol.gob.ec\/en\/wp-json\/wp\/v2\/comments?post=17436"}],"version-history":[{"count":1,"href":"http:\/\/www.farmasol.gob.ec\/en\/wp-json\/wp\/v2\/posts\/17436\/revisions"}],"predecessor-version":[{"id":17438,"href":"http:\/\/www.farmasol.gob.ec\/en\/wp-json\/wp\/v2\/posts\/17436\/revisions\/17438"}],"wp:featuredmedia":[{"embeddable":true,"href":"http:\/\/www.farmasol.gob.ec\/en\/wp-json\/wp\/v2\/media\/17439"}],"wp:attachment":[{"href":"http:\/\/www.farmasol.gob.ec\/en\/wp-json\/wp\/v2\/media?parent=17436"}],"wp:term":[{"taxonomy":"category","embeddable":true,"href":"http:\/\/www.farmasol.gob.ec\/en\/wp-json\/wp\/v2\/categories?post=17436"},{"taxonomy":"post_tag","embeddable":true,"href":"http:\/\/www.farmasol.gob.ec\/en\/wp-json\/wp\/v2\/tags?post=17436"}],"curies":[{"name":"wp","href":"https:\/\/api.w.org\/{rel}","templated":true}]}}